{"id":7863,"date":"2026-04-30T12:14:00","date_gmt":"2026-04-30T12:14:00","guid":{"rendered":"https:\/\/www.ibe.gov.mz\/?p=7863"},"modified":"2026-04-30T19:19:44","modified_gmt":"2026-04-30T19:19:44","slug":"concurso-para-acesso-e-ingresso-ao-ensino-superior-em-portugal-atraves-do-regime-especial-ano-lectivo-2026-2027","status":"publish","type":"post","link":"https:\/\/www.ibe.gov.mz\/?p=7863","title":{"rendered":"Concurso para Acesso e Ingresso ao Ensino Superior em Portugal, Atrav\u00e9s do Regime Especial &#8211; Ano Lectivo 2026\/2027."},"content":{"rendered":"\n<p>O Minist\u00e9rio da Educa\u00e7\u00e3o e Cultura (MEC), atrav\u00e9s\u00a0do Instituto de Bolsas de Estudo, Instituto P\u00fablico\u00a0(IBE, IP), e o Minist\u00e9rio dos Neg\u00f3cios Estrangeiros e Coopera\u00e7\u00e3o (MINEC), atrav\u00e9s\u00a0da Embaixada da Rep\u00fablica de Mo\u00e7ambique em Lisboa, torna p\u00fablico que, para o ano lectivo 2026\/27, est\u00e3o\u00a0dispon\u00edveis\u00a0490 vagas para candidaturas ao Acesso e Ingresso ao Ensino Superior em Portugal, ao abrigo do Regime Especial.<\/p>\n\n\n\n<div data-wp-interactive=\"core\/file\" class=\"wp-block-file\"><object data-wp-bind--hidden=\"!state.hasPdfPreview\" hidden class=\"wp-block-file__embed\" data=\"https:\/\/www.ibe.gov.mz\/wp-content\/uploads\/2026\/04\/Edital-Regime.pdf\" type=\"application\/pdf\" style=\"width:100%;height:600px\" aria-label=\"Incorpora\u00e7\u00e3o de Edital - Regime.\"><\/object><a id=\"wp-block-file--media-24e03504-08ab-47f5-8e15-482941794f6f\" href=\"https:\/\/www.ibe.gov.mz\/wp-content\/uploads\/2026\/04\/Edital-Regime.pdf\">Edital &#8211; Regime<\/a><a href=\"https:\/\/www.ibe.gov.mz\/wp-content\/uploads\/2026\/04\/Edital-Regime.pdf\" class=\"wp-block-file__button wp-element-button\" download aria-describedby=\"wp-block-file--media-24e03504-08ab-47f5-8e15-482941794f6f\">Descarregar<\/a><\/div>\n","protected":false},"excerpt":{"rendered":"<p>O Minist\u00e9rio da Educa\u00e7\u00e3o e Cultura (MEC), atrav\u00e9s\u00a0do Instituto de Bolsas de Estudo, Instituto P\u00fablico\u00a0(IBE, IP), e o Minist\u00e9rio dos Neg\u00f3cios Estrangeiros e Coopera\u00e7\u00e3o (MINEC), atrav\u00e9s\u00a0da Embaixada da Rep\u00fablica de Mo\u00e7ambique em Lisboa, torna p\u00fablico que, para o ano lectivo&hellip;<\/p>\n","protected":false},"author":1,"featured_media":6634,"comment_status":"open","ping_status":"open","sticky":false,"template":"","format":"standard","meta":{"footnotes":""},"categories":[52,19],"tags":[],"post_series":[],"class_list":["post-7863","post","type-post","status-publish","format-standard","has-post-thumbnail","hentry","category-bolsas-de-estudo","category-news","entry","has-media"],"_links":{"self":[{"href":"https:\/\/www.ibe.gov.mz\/index.php?rest_route=\/wp\/v2\/posts\/7863","targetHints":{"allow":["GET"]}}],"collection":[{"href":"https:\/\/www.ibe.gov.mz\/index.php?rest_route=\/wp\/v2\/posts"}],"about":[{"href":"https:\/\/www.ibe.gov.mz\/index.php?rest_route=\/wp\/v2\/types\/post"}],"author":[{"embeddable":true,"href":"https:\/\/www.ibe.gov.mz\/index.php?rest_route=\/wp\/v2\/users\/1"}],"replies":[{"embeddable":true,"href":"https:\/\/www.ibe.gov.mz\/index.php?rest_route=%2Fwp%2Fv2%2Fcomments&post=7863"}],"version-history":[{"count":4,"href":"https:\/\/www.ibe.gov.mz\/index.php?rest_route=\/wp\/v2\/posts\/7863\/revisions"}],"predecessor-version":[{"id":7873,"href":"https:\/\/www.ibe.gov.mz\/index.php?rest_route=\/wp\/v2\/posts\/7863\/revisions\/7873"}],"wp:featuredmedia":[{"embeddable":true,"href":"https:\/\/www.ibe.gov.mz\/index.php?rest_route=\/wp\/v2\/media\/6634"}],"wp:attachment":[{"href":"https:\/\/www.ibe.gov.mz\/index.php?rest_route=%2Fwp%2Fv2%2Fmedia&parent=7863"}],"wp:term":[{"taxonomy":"category","embeddable":true,"href":"https:\/\/www.ibe.gov.mz\/index.php?rest_route=%2Fwp%2Fv2%2Fcategories&post=7863"},{"taxonomy":"post_tag","embeddable":true,"href":"https:\/\/www.ibe.gov.mz\/index.php?rest_route=%2Fwp%2Fv2%2Ftags&post=7863"},{"taxonomy":"post_series","embeddable":true,"href":"https:\/\/www.ibe.gov.mz\/index.php?rest_route=%2Fwp%2Fv2%2Fpost_series&post=7863"}],"curies":[{"name":"wp","href":"https:\/\/api.w.org\/{rel}","templated":true}]}}