{"id":7676,"date":"2025-11-21T14:28:38","date_gmt":"2025-11-21T14:28:38","guid":{"rendered":"https:\/\/www.ibe.gov.mz\/?p=7676"},"modified":"2025-11-21T14:28:41","modified_gmt":"2025-11-21T14:28:41","slug":"resultados-sobre-bolsas-de-estudo-par-ensino-tecnico-profissional-uninovia-portugal-2025-26","status":"publish","type":"post","link":"https:\/\/www.ibe.gov.mz\/?p=7676","title":{"rendered":"Resultados Sobre Bolsas de Estudo par Ensino T\u00e9cnico Profissional UNINOVIA-PORTUGAL 2025\/26"},"content":{"rendered":"\n<p>Na sequ\u00eancia do Edital n.\u00ba 43, datado de 28 de Outubro, que anuncia a abertura do concurso para bolsas de estudo do Ensino T\u00e9cnico Profissional, oferecidas no \u00e2mbito da coopera\u00e7\u00e3o entre o Governo de Mo\u00e7ambique, atrav\u00e9s do Minist\u00e9rio da Educa\u00e7\u00e3o e Cultura, a UNINOVIA e a UNINOVIA- Instituto de Desenvolvimento de Novas Tecnologias, em diversas \u00e1reas de forma\u00e7\u00e3o, para o ano lectivo 2025\/2026, o IBE, IP vem, por este meio, tornar p\u00fablica a lista anexa dos candidatos\u00a0apurados.<\/p>\n\n\n\n<div data-wp-interactive=\"core\/file\" class=\"wp-block-file\"><object data-wp-bind--hidden=\"!state.hasPdfPreview\" hidden class=\"wp-block-file__embed\" data=\"https:\/\/www.ibe.gov.mz\/wp-content\/uploads\/2025\/11\/scan0041.pdf\" type=\"application\/pdf\" style=\"width:100%;height:600px\" aria-label=\"Incorpora\u00e7\u00e3o de scan0041.\"><\/object><a id=\"wp-block-file--media-daf0be7b-90bc-433a-adab-40108714b062\" href=\"https:\/\/www.ibe.gov.mz\/wp-content\/uploads\/2025\/11\/scan0041.pdf\">scan0041<\/a><a href=\"https:\/\/www.ibe.gov.mz\/wp-content\/uploads\/2025\/11\/scan0041.pdf\" class=\"wp-block-file__button wp-element-button\" download aria-describedby=\"wp-block-file--media-daf0be7b-90bc-433a-adab-40108714b062\">Descarregar<\/a><\/div>\n","protected":false},"excerpt":{"rendered":"<p>Na sequ\u00eancia do Edital n.\u00ba 43, datado de 28 de Outubro, que anuncia a abertura do concurso para bolsas de estudo do Ensino T\u00e9cnico Profissional, oferecidas no \u00e2mbito da coopera\u00e7\u00e3o entre o Governo de Mo\u00e7ambique, atrav\u00e9s do Minist\u00e9rio da Educa\u00e7\u00e3o&hellip;<\/p>\n","protected":false},"author":1,"featured_media":6619,"comment_status":"open","ping_status":"open","sticky":false,"template":"","format":"standard","meta":{"footnotes":""},"categories":[19,53],"tags":[],"post_series":[],"class_list":["post-7676","post","type-post","status-publish","format-standard","has-post-thumbnail","hentry","category-news","category-candidatos-apurados","entry","has-media"],"_links":{"self":[{"href":"https:\/\/www.ibe.gov.mz\/index.php?rest_route=\/wp\/v2\/posts\/7676","targetHints":{"allow":["GET"]}}],"collection":[{"href":"https:\/\/www.ibe.gov.mz\/index.php?rest_route=\/wp\/v2\/posts"}],"about":[{"href":"https:\/\/www.ibe.gov.mz\/index.php?rest_route=\/wp\/v2\/types\/post"}],"author":[{"embeddable":true,"href":"https:\/\/www.ibe.gov.mz\/index.php?rest_route=\/wp\/v2\/users\/1"}],"replies":[{"embeddable":true,"href":"https:\/\/www.ibe.gov.mz\/index.php?rest_route=%2Fwp%2Fv2%2Fcomments&post=7676"}],"version-history":[{"count":1,"href":"https:\/\/www.ibe.gov.mz\/index.php?rest_route=\/wp\/v2\/posts\/7676\/revisions"}],"predecessor-version":[{"id":7678,"href":"https:\/\/www.ibe.gov.mz\/index.php?rest_route=\/wp\/v2\/posts\/7676\/revisions\/7678"}],"wp:featuredmedia":[{"embeddable":true,"href":"https:\/\/www.ibe.gov.mz\/index.php?rest_route=\/wp\/v2\/media\/6619"}],"wp:attachment":[{"href":"https:\/\/www.ibe.gov.mz\/index.php?rest_route=%2Fwp%2Fv2%2Fmedia&parent=7676"}],"wp:term":[{"taxonomy":"category","embeddable":true,"href":"https:\/\/www.ibe.gov.mz\/index.php?rest_route=%2Fwp%2Fv2%2Fcategories&post=7676"},{"taxonomy":"post_tag","embeddable":true,"href":"https:\/\/www.ibe.gov.mz\/index.php?rest_route=%2Fwp%2Fv2%2Ftags&post=7676"},{"taxonomy":"post_series","embeddable":true,"href":"https:\/\/www.ibe.gov.mz\/index.php?rest_route=%2Fwp%2Fv2%2Fpost_series&post=7676"}],"curies":[{"name":"wp","href":"https:\/\/api.w.org\/{rel}","templated":true}]}}