{"id":5990,"date":"2023-06-07T20:52:47","date_gmt":"2023-06-07T20:52:47","guid":{"rendered":"https:\/\/www.ibe.gov.mz\/?p=5990"},"modified":"2023-06-07T21:02:14","modified_gmt":"2023-06-07T21:02:14","slug":"educa-mocambique-feira-e-conferencia-internacional-de-educacao-e-tecnologia-2023","status":"publish","type":"post","link":"https:\/\/www.ibe.gov.mz\/?p=5990","title":{"rendered":"Educa Mo\u00e7ambique &#8211; Feira e Confer\u00eancia Internacional de Educa\u00e7\u00e3o e Tecnologia \u2013 2023"},"content":{"rendered":"\n<p>Teve lugar hoje, dia 07 de Junho, no Centro de conferencias Joaquim Chissano, na cidade de Maputo, a realiza\u00e7\u00e3o da 8\u00aa. Edi\u00e7\u00e3o do projecto \u201cEduca Mo\u00e7ambique\u201d &#8211; Feira e Confer\u00eancia Internacional de Educa\u00e7\u00e3o e Tecnologia sob o lema: &#8220;Diplomacia p\u00fablica como catalisador da Edutech e Transi\u00e7\u00e3o Energ\u00e9tica em Mo\u00e7ambique&#8221;. Evento que contou com a participa\u00e7\u00e3o de estudantes universit\u00e1rios, do 1\u00ba e 2\u00ba Ciclos dos Ensinos Secund\u00e1rio Geral e T\u00e9cnico-Profissional.<\/p>\n\n\n\n<p>A cerim\u00f3nia de abertura do evento em apre\u00e7o, foi presidida por Sua Excel\u00eancia Ministra da Educa\u00e7\u00e3o e Desenvolvimento Humano,Carmelita Rita Namashulua, sess\u00e3o \u00e0 qual acompanharam, igualmente, o Presidente da GPDnet ( Global public diplomacy ) com representa\u00e7\u00e3o no Qatar o Prof. Dr. Khalid Bin Ibrahim, representantes da comunidade acad\u00e9mica para o desenvolvimento.\u00a0<\/p>\n\n\n\n<div class=\"wp-block-image\"><figure class=\"alignleft size-full\"><img loading=\"lazy\" decoding=\"async\" width=\"887\" height=\"1024\" src=\"https:\/\/www.ibe.gov.mz\/wp-content\/uploads\/2023\/06\/WhatsApp-Image-2023-06-07-at-22.44.09.jpeg\" alt=\"\" class=\"wp-image-5992\" srcset=\"https:\/\/www.ibe.gov.mz\/wp-content\/uploads\/2023\/06\/WhatsApp-Image-2023-06-07-at-22.44.09.jpeg 887w, https:\/\/www.ibe.gov.mz\/wp-content\/uploads\/2023\/06\/WhatsApp-Image-2023-06-07-at-22.44.09-260x300.jpeg 260w, https:\/\/www.ibe.gov.mz\/wp-content\/uploads\/2023\/06\/WhatsApp-Image-2023-06-07-at-22.44.09-768x887.jpeg 768w, https:\/\/www.ibe.gov.mz\/wp-content\/uploads\/2023\/06\/WhatsApp-Image-2023-06-07-at-22.44.09-600x693.jpeg 600w\" sizes=\"auto, (max-width: 887px) 100vw, 887px\" \/><\/figure><\/div>\n\n\n\n<p>Na ocasi\u00e3o, as institui\u00e7\u00f5es convidadas aproveitaram a oportunidade para fazer exposi\u00e7\u00e3o dos seus servi\u00e7os, onde o Instituto de Bolsas de Estudo, Instituto publicou (IBE, IP) apresentou mecanismos de atribui\u00e7\u00e3o de Bolsas de Estudo nos diferentes programas\/parceiros de coopera\u00e7\u00e3o, de entre os quais:<\/p>\n\n\n\n<ul class=\"wp-block-list\"><li>UniLab &#8211; Universidade da Integra\u00e7\u00e3o Internacional da Lusofonia Afro-Brasileira;<\/li><li>Universidade Marwadi \u2013 India;<\/li><li>Projeto Portugal Polytechnics International Network (PPIN)<\/li><li>Universidade Sharda \u2013 India, e&nbsp;<\/li><li>Universidade GDGoenka &#8211; India<\/li><\/ul>\n\n\n\n<p>Importa referir que este evento, representa o envidar de esfor\u00e7os da CADE, na qualidade de parceiro do Governo em implementar e desenvolver projetos e programas que apoiem o governo de Mo\u00e7ambique na implementa\u00e7\u00e3o de actividades que sealinham com as pol\u00edticas do governo e que visam a melhoria da qualidade de vida dos mo\u00e7ambicanos, incluindo com destaque a educa\u00e7\u00e3o e o desenvolvimento socioecon\u00f3mico do Pa\u00eds.<\/p>\n\n\n\n<figure class=\"wp-block-gallery has-nested-images columns-default is-cropped wp-block-gallery-1 is-layout-flex wp-block-gallery-is-layout-flex\">\n<figure class=\"wp-block-image size-large\"><img loading=\"lazy\" decoding=\"async\" width=\"1024\" height=\"768\" data-id=\"5994\" src=\"https:\/\/www.ibe.gov.mz\/wp-content\/uploads\/2023\/06\/WhatsApp-Image-2023-06-07-at-10.11.13.jpeg\" alt=\"\" class=\"wp-image-5994\" srcset=\"https:\/\/www.ibe.gov.mz\/wp-content\/uploads\/2023\/06\/WhatsApp-Image-2023-06-07-at-10.11.13.jpeg 1024w, https:\/\/www.ibe.gov.mz\/wp-content\/uploads\/2023\/06\/WhatsApp-Image-2023-06-07-at-10.11.13-300x225.jpeg 300w, https:\/\/www.ibe.gov.mz\/wp-content\/uploads\/2023\/06\/WhatsApp-Image-2023-06-07-at-10.11.13-768x576.jpeg 768w, https:\/\/www.ibe.gov.mz\/wp-content\/uploads\/2023\/06\/WhatsApp-Image-2023-06-07-at-10.11.13-600x450.jpeg 600w\" sizes=\"auto, (max-width: 1024px) 100vw, 1024px\" \/><\/figure>\n<figcaption class=\"blocks-gallery-caption\">Equipe tecnica do IBE<\/figcaption><\/figure>\n","protected":false},"excerpt":{"rendered":"<p>Teve lugar hoje, dia 07 de Junho, no Centro de conferencias Joaquim Chissano, na cidade de Maputo, a realiza\u00e7\u00e3o da 8\u00aa. Edi\u00e7\u00e3o do projecto \u201cEduca Mo\u00e7ambique\u201d &#8211; Feira e Confer\u00eancia Internacional de Educa\u00e7\u00e3o e Tecnologia sob o lema: &#8220;Diplomacia p\u00fablica&hellip;<\/p>\n","protected":false},"author":1,"featured_media":5993,"comment_status":"open","ping_status":"open","sticky":false,"template":"","format":"standard","meta":{"footnotes":""},"categories":[16,19],"tags":[],"post_series":[],"class_list":["post-5990","post","type-post","status-publish","format-standard","has-post-thumbnail","hentry","category-events","category-news","entry","has-media"],"_links":{"self":[{"href":"https:\/\/www.ibe.gov.mz\/index.php?rest_route=\/wp\/v2\/posts\/5990","targetHints":{"allow":["GET"]}}],"collection":[{"href":"https:\/\/www.ibe.gov.mz\/index.php?rest_route=\/wp\/v2\/posts"}],"about":[{"href":"https:\/\/www.ibe.gov.mz\/index.php?rest_route=\/wp\/v2\/types\/post"}],"author":[{"embeddable":true,"href":"https:\/\/www.ibe.gov.mz\/index.php?rest_route=\/wp\/v2\/users\/1"}],"replies":[{"embeddable":true,"href":"https:\/\/www.ibe.gov.mz\/index.php?rest_route=%2Fwp%2Fv2%2Fcomments&post=5990"}],"version-history":[{"count":3,"href":"https:\/\/www.ibe.gov.mz\/index.php?rest_route=\/wp\/v2\/posts\/5990\/revisions"}],"predecessor-version":[{"id":5998,"href":"https:\/\/www.ibe.gov.mz\/index.php?rest_route=\/wp\/v2\/posts\/5990\/revisions\/5998"}],"wp:featuredmedia":[{"embeddable":true,"href":"https:\/\/www.ibe.gov.mz\/index.php?rest_route=\/wp\/v2\/media\/5993"}],"wp:attachment":[{"href":"https:\/\/www.ibe.gov.mz\/index.php?rest_route=%2Fwp%2Fv2%2Fmedia&parent=5990"}],"wp:term":[{"taxonomy":"category","embeddable":true,"href":"https:\/\/www.ibe.gov.mz\/index.php?rest_route=%2Fwp%2Fv2%2Fcategories&post=5990"},{"taxonomy":"post_tag","embeddable":true,"href":"https:\/\/www.ibe.gov.mz\/index.php?rest_route=%2Fwp%2Fv2%2Ftags&post=5990"},{"taxonomy":"post_series","embeddable":true,"href":"https:\/\/www.ibe.gov.mz\/index.php?rest_route=%2Fwp%2Fv2%2Fpost_series&post=5990"}],"curies":[{"name":"wp","href":"https:\/\/api.w.org\/{rel}","templated":true}]}}